{"id":616,"date":"2023-03-23T17:19:47","date_gmt":"2023-03-23T16:19:47","guid":{"rendered":"http:\/\/www.carolineperrier.com\/?p=616"},"modified":"2023-03-23T17:19:47","modified_gmt":"2023-03-23T16:19:47","slug":"quest-ce-quun-photographe-dentreprise-dit-corporate","status":"publish","type":"post","link":"https:\/\/www.carolineperrier.com\/index.php\/2023\/03\/23\/quest-ce-quun-photographe-dentreprise-dit-corporate\/","title":{"rendered":"Qu&rsquo;est ce qu&rsquo;un photographe d&rsquo;entreprise dit \u00ab\u00a0corporate\u00a0\u00bb"},"content":{"rendered":"<h1>La photographie au service des professionnels\u00a0: Qu\u2019est ce qu\u2019un photographe dit corporate ou d\u2019entreprise\u00a0?<\/h1>\n<p>Le<strong> photographe d\u2019entreprise<\/strong> dit \u00ab\u00a0photographe corporate\u00a0\u00bb travaille directement pour les professionnels et r\u00e9pond aux besoins en photographie des entreprises.<\/p>\n<h2>Quand faire appel \u00e0 un photographe d\u2019entreprise\u00a0?<\/h2>\n<p>Vous souhaitez valoriser la communication de votre entreprise et envisager d\u2019enrichir les visuels votre site internet avec des photographies. Ces photographies sont aussi utilis\u00e9es pour vos r\u00e9seaux sociaux, vos supports de communication papier tels que plaquettes, cartes de visite.<\/p>\n<h3>Comment se d\u00e9roule la prestation du photographe d\u2019entreprise\u00a0?<\/h3>\n<p>Dans un premier temps lors d\u2019un entretien vous d\u00e9finissez le cahier des charges . Le photographe \u00e9value si il peut r\u00e9pondre \u00e0 vos besoins et vous soumet un devis. Une fois le devis valid\u00e9, le <strong>photographe corporate<\/strong> se d\u00e9place directement dans votre entreprise pour documenter les activit\u00e9s qui y sont pratiqu\u00e9es.<\/p>\n<p>L\u2019immersion et l\u2019observation lui permettent de comprendre quelles sont les pratiques \u00e0 mettre en avant et comment les photographier. L\u2019id\u00e9e est de montrer des actions pr\u00e9cises qui refl\u00e8tent l\u2019activit\u00e9 de l\u2019<strong>entreprise<\/strong> tout en conservant son point de vue subjectif de photographe. C\u2019est g\u00e9n\u00e9ralement pour son \u0153il, son style que vous avez fait appel \u00e0 lui.<\/p>\n<p>La <strong>photographie d\u2019entreprise<\/strong> dit <strong>corporate<\/strong>, c\u2019est \u00e9galement faire les portraits des diff\u00e9rents collaborateurs. La photographie de portrait peut se faire en lumi\u00e8re naturelle ou le photographe peut travailler avec son propre \u00e9clairage. Afin de r\u00e9ussir les photographies de <strong>portrait<\/strong>, le photographe facilite l\u2019exp\u00e9rience des collaborateurs en les guidant dans les attitudes \u00e0 adopter. Le photographe les positionne et les dirige tout en les mettant \u00e0 l\u2019aise. C\u2019est un subtil \u00e9change entre les deux acteurs. C\u2019est au photographe de mettre en confiance le professionnel pour s\u2019assurer de la r\u00e9ussite du portrait. Le rendu du portrait est \u00e9videmment tr\u00e8s important mais il ne faut pas n\u00e9gliger l\u2019exp\u00e9rience de la personne photographi\u00e9e. Si celle-ci garde un bon souvenir de ce moment partag\u00e9, la moiti\u00e9 du travail est accomplie.<\/p>\n<p>Une fois la partie prise de vue r\u00e9alis\u00e9e (shooting), il reste la partie de traitement des photographies (editing). Le photographe commence par s\u00e9lectionner les photographies en supprimant celles qui ne se sont pas flatteuses. Par exemple les photographie de <strong>portrait<\/strong> avec les yeux \u00e0 moiti\u00e9 ferm\u00e9s, celles qui ont des flous de boug\u00e9.<\/p>\n<p>Puis le photographe traite les photographies dans des logiciels de retouche pour les optimiser. Des demandes sp\u00e9cifiques comme le choix de la couleur ou du noir et blanc s\u2019applique au moment de ce process.<\/p>\n<p>Enfin le photographe les livre en haute d\u00e9finition par transfert sur internet. Il vous faudra attendre entre 3 et 10 jours apr\u00e8s la prise de vue pour voir vos <strong>portraits<\/strong> et les photographies de votre <strong>entreprise<\/strong>.<\/p>\n<p>Faire un appel \u00e0 un<strong> photographe d\u2019entreprise dit corporate<\/strong> c\u2019est s\u2019assurer d\u2019avoir l\u2019expertise d\u2019un professionnel dont l\u2019activit\u00e9 est d\u00e9di\u00e9e \u00e0 valoriser la votre.<\/p>\n","protected":false},"excerpt":{"rendered":"<p>La photographie au service des professionnels\u00a0: Qu\u2019est ce qu\u2019un photographe dit corporate ou d\u2019entreprise\u00a0? Le photographe d\u2019entreprise dit \u00ab\u00a0photographe corporate\u00a0\u00bb travaille directement pour les professionnels et r\u00e9pond aux besoins en photographie des entreprises. Quand faire appel \u00e0 un photographe d\u2019entreprise\u00a0? Vous souhaitez valoriser la communication de votre entreprise et envisager &hellip;<\/p>\n<div class=\"wrap-excerpt-more\"><a class=\"excerpt-more\" href=\"https:\/\/www.carolineperrier.com\/index.php\/2023\/03\/23\/quest-ce-quun-photographe-dentreprise-dit-corporate\/\">Continue reading<\/a><\/div>\n","protected":false},"author":1,"featured_media":0,"comment_status":"open","ping_status":"open","sticky":false,"template":"","format":"standard","meta":[],"categories":[3],"tags":[],"yoast_head":"<!-- This site is optimized with the Yoast SEO plugin v20.3 - https:\/\/yoast.com\/wordpress\/plugins\/seo\/ -->\n<title>Qu&#039;est ce qu&#039;un photographe d&#039;entreprise dit &quot;corporate&quot; - Caroline Perrier Photographe<\/title>\n<meta name=\"description\" content=\"D\u00e9finition de la photographie entreprise dite &quot;corporate&quot; portrait reportage service profesionnel pour les professionnels\" \/>\n<meta name=\"robots\" content=\"index, follow, max-snippet:-1, max-image-preview:large, max-video-preview:-1\" \/>\n<link rel=\"canonical\" href=\"https:\/\/www.carolineperrier.com\/index.php\/2023\/03\/23\/quest-ce-quun-photographe-dentreprise-dit-corporate\/\" \/>\n<meta property=\"og:locale\" content=\"fr_FR\" \/>\n<meta property=\"og:type\" content=\"article\" \/>\n<meta property=\"og:title\" content=\"Qu&#039;est ce qu&#039;un photographe d&#039;entreprise dit &quot;corporate&quot; - Caroline Perrier Photographe\" \/>\n<meta property=\"og:description\" content=\"D\u00e9finition de la photographie entreprise dite &quot;corporate&quot; portrait reportage service profesionnel pour les professionnels\" \/>\n<meta property=\"og:url\" content=\"https:\/\/www.carolineperrier.com\/index.php\/2023\/03\/23\/quest-ce-quun-photographe-dentreprise-dit-corporate\/\" \/>\n<meta property=\"og:site_name\" content=\"Caroline Perrier Photographe\" \/>\n<meta property=\"article:published_time\" content=\"2023-03-23T16:19:47+00:00\" \/>\n<meta name=\"author\" content=\"Caroline Perrier Photographe\" \/>\n<meta name=\"twitter:card\" content=\"summary_large_image\" \/>\n<meta name=\"twitter:label1\" content=\"\u00c9crit par\" \/>\n\t<meta name=\"twitter:data1\" content=\"Caroline Perrier Photographe\" \/>\n\t<meta name=\"twitter:label2\" content=\"Dur\u00e9e de lecture estim\u00e9e\" \/>\n\t<meta name=\"twitter:data2\" content=\"3 minutes\" \/>\n<script type=\"application\/ld+json\" class=\"yoast-schema-graph\">{\"@context\":\"https:\/\/schema.org\",\"@graph\":[{\"@type\":\"WebPage\",\"@id\":\"https:\/\/www.carolineperrier.com\/index.php\/2023\/03\/23\/quest-ce-quun-photographe-dentreprise-dit-corporate\/\",\"url\":\"https:\/\/www.carolineperrier.com\/index.php\/2023\/03\/23\/quest-ce-quun-photographe-dentreprise-dit-corporate\/\",\"name\":\"Qu'est ce qu'un photographe d'entreprise dit \\\"corporate\\\" - Caroline Perrier Photographe\",\"isPartOf\":{\"@id\":\"https:\/\/www.carolineperrier.com\/#website\"},\"datePublished\":\"2023-03-23T16:19:47+00:00\",\"dateModified\":\"2023-03-23T16:19:47+00:00\",\"author\":{\"@id\":\"https:\/\/www.carolineperrier.com\/#\/schema\/person\/a1db8b43cb97523364a8ea0d8d2dd458\"},\"description\":\"D\u00e9finition de la photographie entreprise dite \\\"corporate\\\" portrait reportage service profesionnel pour les professionnels\",\"breadcrumb\":{\"@id\":\"https:\/\/www.carolineperrier.com\/index.php\/2023\/03\/23\/quest-ce-quun-photographe-dentreprise-dit-corporate\/#breadcrumb\"},\"inLanguage\":\"fr-FR\",\"potentialAction\":[{\"@type\":\"ReadAction\",\"target\":[\"https:\/\/www.carolineperrier.com\/index.php\/2023\/03\/23\/quest-ce-quun-photographe-dentreprise-dit-corporate\/\"]}]},{\"@type\":\"BreadcrumbList\",\"@id\":\"https:\/\/www.carolineperrier.com\/index.php\/2023\/03\/23\/quest-ce-quun-photographe-dentreprise-dit-corporate\/#breadcrumb\",\"itemListElement\":[{\"@type\":\"ListItem\",\"position\":1,\"name\":\"Accueil\",\"item\":\"https:\/\/www.carolineperrier.com\/\"},{\"@type\":\"ListItem\",\"position\":2,\"name\":\"Qu&rsquo;est ce qu&rsquo;un photographe d&rsquo;entreprise dit \u00ab\u00a0corporate\u00a0\u00bb\"}]},{\"@type\":\"WebSite\",\"@id\":\"https:\/\/www.carolineperrier.com\/#website\",\"url\":\"https:\/\/www.carolineperrier.com\/\",\"name\":\"Caroline Perrier Photographe\",\"description\":\"\",\"potentialAction\":[{\"@type\":\"SearchAction\",\"target\":{\"@type\":\"EntryPoint\",\"urlTemplate\":\"https:\/\/www.carolineperrier.com\/?s={search_term_string}\"},\"query-input\":\"required name=search_term_string\"}],\"inLanguage\":\"fr-FR\"},{\"@type\":\"Person\",\"@id\":\"https:\/\/www.carolineperrier.com\/#\/schema\/person\/a1db8b43cb97523364a8ea0d8d2dd458\",\"name\":\"Caroline Perrier Photographe\",\"image\":{\"@type\":\"ImageObject\",\"inLanguage\":\"fr-FR\",\"@id\":\"https:\/\/www.carolineperrier.com\/#\/schema\/person\/image\/\",\"url\":\"https:\/\/secure.gravatar.com\/avatar\/acf0c81fbbf692044864bce39ddf821c?s=96&d=mm&r=g\",\"contentUrl\":\"https:\/\/secure.gravatar.com\/avatar\/acf0c81fbbf692044864bce39ddf821c?s=96&d=mm&r=g\",\"caption\":\"Caroline Perrier Photographe\"},\"url\":\"https:\/\/www.carolineperrier.com\/index.php\/author\/caroline\/\"}]}<\/script>\n<!-- \/ Yoast SEO plugin. -->","yoast_head_json":{"title":"Qu'est ce qu'un photographe d'entreprise dit \"corporate\" - Caroline Perrier Photographe","description":"D\u00e9finition de la photographie entreprise dite \"corporate\" portrait reportage service profesionnel pour les professionnels","robots":{"index":"index","follow":"follow","max-snippet":"max-snippet:-1","max-image-preview":"max-image-preview:large","max-video-preview":"max-video-preview:-1"},"canonical":"https:\/\/www.carolineperrier.com\/index.php\/2023\/03\/23\/quest-ce-quun-photographe-dentreprise-dit-corporate\/","og_locale":"fr_FR","og_type":"article","og_title":"Qu'est ce qu'un photographe d'entreprise dit \"corporate\" - Caroline Perrier Photographe","og_description":"D\u00e9finition de la photographie entreprise dite \"corporate\" portrait reportage service profesionnel pour les professionnels","og_url":"https:\/\/www.carolineperrier.com\/index.php\/2023\/03\/23\/quest-ce-quun-photographe-dentreprise-dit-corporate\/","og_site_name":"Caroline Perrier Photographe","article_published_time":"2023-03-23T16:19:47+00:00","author":"Caroline Perrier Photographe","twitter_card":"summary_large_image","twitter_misc":{"\u00c9crit par":"Caroline Perrier Photographe","Dur\u00e9e de lecture estim\u00e9e":"3 minutes"},"schema":{"@context":"https:\/\/schema.org","@graph":[{"@type":"WebPage","@id":"https:\/\/www.carolineperrier.com\/index.php\/2023\/03\/23\/quest-ce-quun-photographe-dentreprise-dit-corporate\/","url":"https:\/\/www.carolineperrier.com\/index.php\/2023\/03\/23\/quest-ce-quun-photographe-dentreprise-dit-corporate\/","name":"Qu'est ce qu'un photographe d'entreprise dit \"corporate\" - Caroline Perrier Photographe","isPartOf":{"@id":"https:\/\/www.carolineperrier.com\/#website"},"datePublished":"2023-03-23T16:19:47+00:00","dateModified":"2023-03-23T16:19:47+00:00","author":{"@id":"https:\/\/www.carolineperrier.com\/#\/schema\/person\/a1db8b43cb97523364a8ea0d8d2dd458"},"description":"D\u00e9finition de la photographie entreprise dite \"corporate\" portrait reportage service profesionnel pour les professionnels","breadcrumb":{"@id":"https:\/\/www.carolineperrier.com\/index.php\/2023\/03\/23\/quest-ce-quun-photographe-dentreprise-dit-corporate\/#breadcrumb"},"inLanguage":"fr-FR","potentialAction":[{"@type":"ReadAction","target":["https:\/\/www.carolineperrier.com\/index.php\/2023\/03\/23\/quest-ce-quun-photographe-dentreprise-dit-corporate\/"]}]},{"@type":"BreadcrumbList","@id":"https:\/\/www.carolineperrier.com\/index.php\/2023\/03\/23\/quest-ce-quun-photographe-dentreprise-dit-corporate\/#breadcrumb","itemListElement":[{"@type":"ListItem","position":1,"name":"Accueil","item":"https:\/\/www.carolineperrier.com\/"},{"@type":"ListItem","position":2,"name":"Qu&rsquo;est ce qu&rsquo;un photographe d&rsquo;entreprise dit \u00ab\u00a0corporate\u00a0\u00bb"}]},{"@type":"WebSite","@id":"https:\/\/www.carolineperrier.com\/#website","url":"https:\/\/www.carolineperrier.com\/","name":"Caroline Perrier Photographe","description":"","potentialAction":[{"@type":"SearchAction","target":{"@type":"EntryPoint","urlTemplate":"https:\/\/www.carolineperrier.com\/?s={search_term_string}"},"query-input":"required name=search_term_string"}],"inLanguage":"fr-FR"},{"@type":"Person","@id":"https:\/\/www.carolineperrier.com\/#\/schema\/person\/a1db8b43cb97523364a8ea0d8d2dd458","name":"Caroline Perrier Photographe","image":{"@type":"ImageObject","inLanguage":"fr-FR","@id":"https:\/\/www.carolineperrier.com\/#\/schema\/person\/image\/","url":"https:\/\/secure.gravatar.com\/avatar\/acf0c81fbbf692044864bce39ddf821c?s=96&d=mm&r=g","contentUrl":"https:\/\/secure.gravatar.com\/avatar\/acf0c81fbbf692044864bce39ddf821c?s=96&d=mm&r=g","caption":"Caroline Perrier Photographe"},"url":"https:\/\/www.carolineperrier.com\/index.php\/author\/caroline\/"}]}},"_links":{"self":[{"href":"https:\/\/www.carolineperrier.com\/index.php\/wp-json\/wp\/v2\/posts\/616"}],"collection":[{"href":"https:\/\/www.carolineperrier.com\/index.php\/wp-json\/wp\/v2\/posts"}],"about":[{"href":"https:\/\/www.carolineperrier.com\/index.php\/wp-json\/wp\/v2\/types\/post"}],"author":[{"embeddable":true,"href":"https:\/\/www.carolineperrier.com\/index.php\/wp-json\/wp\/v2\/users\/1"}],"replies":[{"embeddable":true,"href":"https:\/\/www.carolineperrier.com\/index.php\/wp-json\/wp\/v2\/comments?post=616"}],"version-history":[{"count":3,"href":"https:\/\/www.carolineperrier.com\/index.php\/wp-json\/wp\/v2\/posts\/616\/revisions"}],"predecessor-version":[{"id":619,"href":"https:\/\/www.carolineperrier.com\/index.php\/wp-json\/wp\/v2\/posts\/616\/revisions\/619"}],"wp:attachment":[{"href":"https:\/\/www.carolineperrier.com\/index.php\/wp-json\/wp\/v2\/media?parent=616"}],"wp:term":[{"taxonomy":"category","embeddable":true,"href":"https:\/\/www.carolineperrier.com\/index.php\/wp-json\/wp\/v2\/categories?post=616"},{"taxonomy":"post_tag","embeddable":true,"href":"https:\/\/www.carolineperrier.com\/index.php\/wp-json\/wp\/v2\/tags?post=616"}],"curies":[{"name":"wp","href":"https:\/\/api.w.org\/{rel}","templated":true}]}}